{"id":14280,"date":"2022-11-03T18:07:01","date_gmt":"2022-11-03T18:07:01","guid":{"rendered":"https:\/\/altaanoia.cat\/?p=14280"},"modified":"2022-11-04T13:01:40","modified_gmt":"2022-11-04T13:01:40","slug":"rec-0-experimental-stores","status":"publish","type":"post","link":"https:\/\/altaanoia.cat\/?p=14280","title":{"rendered":"REC.0 Experimental Stores"},"content":{"rendered":"\t\t<div data-elementor-type=\"wp-post\" data-elementor-id=\"14280\" class=\"elementor elementor-14280\" data-elementor-post-type=\"post\">\n\t\t\t\t\t\t<section class=\"elementor-section elementor-top-section elementor-element elementor-element-3a76750 elementor-section-boxed elementor-section-height-default elementor-section-height-default mkdf-parallax-row-no mkdf-content-aligment-left mkdf-row-grid-no\" data-id=\"3a76750\" data-element_type=\"section\" data-e-type=\"section\">\n\t\t\t\t\t\t<div class=\"elementor-container elementor-column-gap-default\">\n\t\t\t\t\t<div class=\"elementor-column elementor-col-100 elementor-top-column elementor-element elementor-element-d968b48\" data-id=\"d968b48\" data-element_type=\"column\" data-e-type=\"column\">\n\t\t\t<div class=\"elementor-widget-wrap elementor-element-populated\">\n\t\t\t\t\t\t<div class=\"elementor-element elementor-element-7e8f916 elementor-widget elementor-widget-text-editor\" data-id=\"7e8f916\" data-element_type=\"widget\" data-e-type=\"widget\" data-widget_type=\"text-editor.default\">\n\t\t\t\t<div class=\"elementor-widget-container\">\n\t\t\t\t\t\t\t\t\t<p><em>Del 9 al 12 de novembre arriba el REC.0 Experimental Stores a Igualada.<\/em><\/p><p><em><strong>Rec.0\u00a0<\/strong>\u00e9s el festival ecl\u00e8ctic de moda, cultura i gastronomia que se celebra dues vegades a l\u2019any, i nom\u00e9s durant quatre dies, al barri del Rec d\u2019Igualada.<\/em><\/p><p><em>Les velles f\u00e0briques i adoberies del vell barri industrial de la ciutat, es transformen de forma ef\u00edmera en\u00a0<strong>pop-up stores\u00a0de moda<\/strong>\u00a0on grans marques locals i internacionals i dissenyadors de moda independent i emergent hi venen els seus estocs i mostraris a preus \u00fanics.<\/em><\/p><p><em>Cada edici\u00f3 de\u00a0Rec.0\u00a0\u00e9s diferent. S\u2019obren espais nous, molts d\u2019ells desconeguts, i s\u2019incorporen tamb\u00e9 noves marques, de forma que es configura un circuit essencialment canviant. La visita al\u00a0Rec.0\u00a0\u00e9s una bona oportunitat per a trobar peces de marques de prestigi rebaixades o con\u00e8ixer noves propostes que estan revolucionant el m\u00f3n de la moda en un escenari metam\u00f2rfic. Despr\u00e9s dels quatre dies del\u00a0Rec.0, el barri torna a la normalitat, amb una activitat que barreja la ind\u00fastria adobera amb els estudis de disseny i altres professions.<\/em><\/p><p><em>Per\u00f2\u00a0Rec.0\u00a0\u00e9s molt m\u00e9s que moda.\u00a0<strong>Cuina de carrer<\/strong>,\u00a0\u00e9s el festival de gastronomia de carrer que a cada edici\u00f3, dona sabor amb centenars de propostes i amb m\u00e9s de 40\u00a0food trucks\u00a0i\u00a0pop-up bars. La cultura i, especialment, la m\u00fasica, tamb\u00e9 tenen el seu espai amb una programaci\u00f3 cuidada i constant de concerts amb artistes locals i nacionals, d\u2019estils diversos i contemporanis, repartits en diferents espais del circuit\u00a0Rec.0.<\/em><\/p>\t\t\t\t\t\t\t\t<\/div>\n\t\t\t\t<\/div>\n\t\t\t\t\t<\/div>\n\t\t<\/div>\n\t\t\t\t\t<\/div>\n\t\t<\/section>\n\t\t\t\t<\/div>\n\t\t","protected":false},"excerpt":{"rendered":"<p>Del 9 al 12 de novembre arriba el REC.0 Experimental Stores a Igualada. Rec.0\u00a0\u00e9s el festival ecl\u00e8ctic de moda, cultura i gastronomia que se celebra dues vegades a l\u2019any, i nom\u00e9s durant quatre dies, al barri del Rec d\u2019Igualada. Les [&hellip;]<\/p>\n","protected":false},"author":1,"featured_media":14622,"comment_status":"closed","ping_status":"closed","sticky":false,"template":"","format":"standard","meta":{"_mi_skip_tracking":false,"footnotes":""},"categories":[27],"tags":[],"class_list":["post-14280","post","type-post","status-publish","format-standard","has-post-thumbnail","hentry","category-general"],"aioseo_notices":[],"aioseo_head":"\n\t\t<!-- All in One SEO 5.0.0.1 - aioseo.com -->\n\t<meta name=\"description\" content=\"Del 9 al 12 de novembre arriba el REC.0 Experimental Stores a Igualada.Rec.0 \u00e9s el festival ecl\u00e8ctic de moda, cultura i gastronomia que se celebra dues vegades a l\u2019any, i nom\u00e9s durant quatre dies, al barri del Rec d\u2019Igualada.Les velles f\u00e0briques i adoberies del vell barri industrial de la ciutat, es transformen de forma ef\u00edmera en pop-up\" \/>\n\t<meta name=\"robots\" content=\"max-image-preview:large\" \/>\n\t<meta name=\"author\" content=\"admin\"\/>\n\t<link rel=\"canonical\" href=\"https:\/\/altaanoia.cat\/?p=14280\" \/>\n\t<meta name=\"generator\" content=\"All in One SEO (AIOSEO) 5.0.0.1\" \/>\n\t\t<meta property=\"og:locale\" content=\"ca_ES\" \/>\n\t\t<meta property=\"og:site_name\" content=\"hacked by trenggalek6etar - Associaci\u00f3 per al Desenvolupament de l&#039;Alta Anoia\" \/>\n\t\t<meta property=\"og:type\" content=\"article\" \/>\n\t\t<meta property=\"og:title\" content=\"REC.0 Experimental Stores - hacked by trenggalek6etar\" \/>\n\t\t<meta property=\"og:description\" content=\"Del 9 al 12 de novembre arriba el REC.0 Experimental Stores a Igualada.Rec.0 \u00e9s el festival ecl\u00e8ctic de moda, cultura i gastronomia que se celebra dues vegades a l\u2019any, i nom\u00e9s durant quatre dies, al barri del Rec d\u2019Igualada.Les velles f\u00e0briques i adoberies del vell barri industrial de la ciutat, es transformen de forma ef\u00edmera en pop-up\" \/>\n\t\t<meta property=\"og:url\" content=\"https:\/\/altaanoia.cat\/?p=14280\" \/>\n\t\t<meta property=\"article:published_time\" content=\"2022-11-03T18:07:01+00:00\" \/>\n\t\t<meta property=\"article:modified_time\" content=\"2022-11-04T13:01:40+00:00\" \/>\n\t\t<meta name=\"twitter:card\" content=\"summary_large_image\" \/>\n\t\t<meta name=\"twitter:title\" content=\"REC.0 Experimental Stores - hacked by trenggalek6etar\" \/>\n\t\t<meta name=\"twitter:description\" content=\"Del 9 al 12 de novembre arriba el REC.0 Experimental Stores a Igualada.Rec.0 \u00e9s el festival ecl\u00e8ctic de moda, cultura i gastronomia que se celebra dues vegades a l\u2019any, i nom\u00e9s durant quatre dies, al barri del Rec d\u2019Igualada.Les velles f\u00e0briques i adoberies del vell barri industrial de la ciutat, es transformen de forma ef\u00edmera en pop-up\" \/>\n\t\t<script type=\"application\/ld+json\" class=\"aioseo-schema\">\n\t\t\t{\"@context\":\"https:\\\/\\\/schema.org\",\"@graph\":[{\"@type\":\"BlogPosting\",\"@id\":\"https:\\\/\\\/altaanoia.cat\\\/?p=14280#blogposting\",\"name\":\"REC.0 Experimental Stores - hacked by trenggalek6etar\",\"headline\":\"REC.0 Experimental Stores\",\"author\":{\"@id\":\"https:\\\/\\\/altaanoia.cat\\\/?author=1#author\"},\"publisher\":{\"@id\":\"https:\\\/\\\/altaanoia.cat\\\/#organization\"},\"image\":{\"@type\":\"ImageObject\",\"url\":\"https:\\\/\\\/altaanoia.cat\\\/wp-content\\\/uploads\\\/2022\\\/10\\\/5-scaled.jpg\",\"width\":2560,\"height\":1378,\"caption\":\"REC.0\"},\"datePublished\":\"2022-11-03T18:07:01+00:00\",\"dateModified\":\"2022-11-04T13:01:40+00:00\",\"inLanguage\":\"ca\",\"mainEntityOfPage\":{\"@id\":\"https:\\\/\\\/altaanoia.cat\\\/?p=14280#webpage\"},\"isPartOf\":{\"@id\":\"https:\\\/\\\/altaanoia.cat\\\/?p=14280#webpage\"},\"articleSection\":\"General\"},{\"@type\":\"BreadcrumbList\",\"@id\":\"https:\\\/\\\/altaanoia.cat\\\/?p=14280#breadcrumblist\",\"itemListElement\":[{\"@type\":\"ListItem\",\"@id\":\"https:\\\/\\\/altaanoia.cat#listItem\",\"position\":1,\"name\":\"Home\",\"item\":\"https:\\\/\\\/altaanoia.cat\",\"nextItem\":{\"@type\":\"ListItem\",\"@id\":\"https:\\\/\\\/altaanoia.cat\\\/?cat=27#listItem\",\"name\":\"General\"}},{\"@type\":\"ListItem\",\"@id\":\"https:\\\/\\\/altaanoia.cat\\\/?cat=27#listItem\",\"position\":2,\"name\":\"General\",\"item\":\"https:\\\/\\\/altaanoia.cat\\\/?cat=27\",\"nextItem\":{\"@type\":\"ListItem\",\"@id\":\"https:\\\/\\\/altaanoia.cat\\\/?p=14280#listItem\",\"name\":\"REC.0 Experimental Stores\"},\"previousItem\":{\"@type\":\"ListItem\",\"@id\":\"https:\\\/\\\/altaanoia.cat#listItem\",\"name\":\"Home\"}},{\"@type\":\"ListItem\",\"@id\":\"https:\\\/\\\/altaanoia.cat\\\/?p=14280#listItem\",\"position\":3,\"name\":\"REC.0 Experimental Stores\",\"previousItem\":{\"@type\":\"ListItem\",\"@id\":\"https:\\\/\\\/altaanoia.cat\\\/?cat=27#listItem\",\"name\":\"General\"}}]},{\"@type\":\"Organization\",\"@id\":\"https:\\\/\\\/altaanoia.cat\\\/#organization\",\"name\":\"Alta Anoia\",\"description\":\"Associaci\\u00f3 per al Desenvolupament de l'Alta Anoia\",\"url\":\"https:\\\/\\\/altaanoia.cat\\\/\"},{\"@type\":\"Person\",\"@id\":\"https:\\\/\\\/altaanoia.cat\\\/?author=1#author\",\"url\":\"https:\\\/\\\/altaanoia.cat\\\/?author=1\",\"name\":\"admin\",\"image\":{\"@type\":\"ImageObject\",\"@id\":\"https:\\\/\\\/altaanoia.cat\\\/?p=14280#authorImage\",\"url\":\"https:\\\/\\\/secure.gravatar.com\\\/avatar\\\/bf21c2dcdad6b9565bdce62f5956448785334a1aa4f0a7e65b0f575778a2ce90?s=96&d=mm&r=g\",\"width\":96,\"height\":96,\"caption\":\"admin\"}},{\"@type\":\"WebPage\",\"@id\":\"https:\\\/\\\/altaanoia.cat\\\/?p=14280#webpage\",\"url\":\"https:\\\/\\\/altaanoia.cat\\\/?p=14280\",\"name\":\"REC.0 Experimental Stores - hacked by trenggalek6etar\",\"description\":\"Del 9 al 12 de novembre arriba el REC.0 Experimental Stores a Igualada.Rec.0 \\u00e9s el festival ecl\\u00e8ctic de moda, cultura i gastronomia que se celebra dues vegades a l\\u2019any, i nom\\u00e9s durant quatre dies, al barri del Rec d\\u2019Igualada.Les velles f\\u00e0briques i adoberies del vell barri industrial de la ciutat, es transformen de forma ef\\u00edmera en pop-up\",\"inLanguage\":\"ca\",\"isPartOf\":{\"@id\":\"https:\\\/\\\/altaanoia.cat\\\/#website\"},\"breadcrumb\":{\"@id\":\"https:\\\/\\\/altaanoia.cat\\\/?p=14280#breadcrumblist\"},\"author\":{\"@id\":\"https:\\\/\\\/altaanoia.cat\\\/?author=1#author\"},\"creator\":{\"@id\":\"https:\\\/\\\/altaanoia.cat\\\/?author=1#author\"},\"image\":{\"@type\":\"ImageObject\",\"url\":\"https:\\\/\\\/altaanoia.cat\\\/wp-content\\\/uploads\\\/2022\\\/10\\\/5-scaled.jpg\",\"@id\":\"https:\\\/\\\/altaanoia.cat\\\/?p=14280\\\/#mainImage\",\"width\":2560,\"height\":1378,\"caption\":\"REC.0\"},\"primaryImageOfPage\":{\"@id\":\"https:\\\/\\\/altaanoia.cat\\\/?p=14280#mainImage\"},\"datePublished\":\"2022-11-03T18:07:01+00:00\",\"dateModified\":\"2022-11-04T13:01:40+00:00\"},{\"@type\":\"WebSite\",\"@id\":\"https:\\\/\\\/altaanoia.cat\\\/#website\",\"url\":\"https:\\\/\\\/altaanoia.cat\\\/\",\"name\":\"Alta Anoia\",\"description\":\"Associaci\\u00f3 per al Desenvolupament de l'Alta Anoia\",\"inLanguage\":\"ca\",\"publisher\":{\"@id\":\"https:\\\/\\\/altaanoia.cat\\\/#organization\"}}]}\n\t\t<\/script>\n\t\t<!-- All in One SEO -->\n\n","aioseo_head_json":{"title":"REC.0 Experimental Stores - hacked by trenggalek6etar","description":"Del 9 al 12 de novembre arriba el REC.0 Experimental Stores a Igualada.Rec.0 \u00e9s el festival ecl\u00e8ctic de moda, cultura i gastronomia que se celebra dues vegades a l\u2019any, i nom\u00e9s durant quatre dies, al barri del Rec d\u2019Igualada.Les velles f\u00e0briques i adoberies del vell barri industrial de la ciutat, es transformen de forma ef\u00edmera en pop-up","canonical_url":"https:\/\/altaanoia.cat\/?p=14280","robots":"max-image-preview:large","keywords":"","webmasterTools":{"miscellaneous":""},"schema":{"@context":"https:\/\/schema.org","@graph":[{"@type":"BlogPosting","@id":"https:\/\/altaanoia.cat\/?p=14280#blogposting","name":"REC.0 Experimental Stores - hacked by trenggalek6etar","headline":"REC.0 Experimental Stores","author":{"@id":"https:\/\/altaanoia.cat\/?author=1#author"},"publisher":{"@id":"https:\/\/altaanoia.cat\/#organization"},"image":{"@type":"ImageObject","url":"https:\/\/altaanoia.cat\/wp-content\/uploads\/2022\/10\/5-scaled.jpg","width":2560,"height":1378,"caption":"REC.0"},"datePublished":"2022-11-03T18:07:01+00:00","dateModified":"2022-11-04T13:01:40+00:00","inLanguage":"ca","mainEntityOfPage":{"@id":"https:\/\/altaanoia.cat\/?p=14280#webpage"},"isPartOf":{"@id":"https:\/\/altaanoia.cat\/?p=14280#webpage"},"articleSection":"General"},{"@type":"BreadcrumbList","@id":"https:\/\/altaanoia.cat\/?p=14280#breadcrumblist","itemListElement":[{"@type":"ListItem","@id":"https:\/\/altaanoia.cat#listItem","position":1,"name":"Home","item":"https:\/\/altaanoia.cat","nextItem":{"@type":"ListItem","@id":"https:\/\/altaanoia.cat\/?cat=27#listItem","name":"General"}},{"@type":"ListItem","@id":"https:\/\/altaanoia.cat\/?cat=27#listItem","position":2,"name":"General","item":"https:\/\/altaanoia.cat\/?cat=27","nextItem":{"@type":"ListItem","@id":"https:\/\/altaanoia.cat\/?p=14280#listItem","name":"REC.0 Experimental Stores"},"previousItem":{"@type":"ListItem","@id":"https:\/\/altaanoia.cat#listItem","name":"Home"}},{"@type":"ListItem","@id":"https:\/\/altaanoia.cat\/?p=14280#listItem","position":3,"name":"REC.0 Experimental Stores","previousItem":{"@type":"ListItem","@id":"https:\/\/altaanoia.cat\/?cat=27#listItem","name":"General"}}]},{"@type":"Organization","@id":"https:\/\/altaanoia.cat\/#organization","name":"Alta Anoia","description":"Associaci\u00f3 per al Desenvolupament de l'Alta Anoia","url":"https:\/\/altaanoia.cat\/"},{"@type":"Person","@id":"https:\/\/altaanoia.cat\/?author=1#author","url":"https:\/\/altaanoia.cat\/?author=1","name":"admin","image":{"@type":"ImageObject","@id":"https:\/\/altaanoia.cat\/?p=14280#authorImage","url":"https:\/\/secure.gravatar.com\/avatar\/bf21c2dcdad6b9565bdce62f5956448785334a1aa4f0a7e65b0f575778a2ce90?s=96&d=mm&r=g","width":96,"height":96,"caption":"admin"}},{"@type":"WebPage","@id":"https:\/\/altaanoia.cat\/?p=14280#webpage","url":"https:\/\/altaanoia.cat\/?p=14280","name":"REC.0 Experimental Stores - hacked by trenggalek6etar","description":"Del 9 al 12 de novembre arriba el REC.0 Experimental Stores a Igualada.Rec.0 \u00e9s el festival ecl\u00e8ctic de moda, cultura i gastronomia que se celebra dues vegades a l\u2019any, i nom\u00e9s durant quatre dies, al barri del Rec d\u2019Igualada.Les velles f\u00e0briques i adoberies del vell barri industrial de la ciutat, es transformen de forma ef\u00edmera en pop-up","inLanguage":"ca","isPartOf":{"@id":"https:\/\/altaanoia.cat\/#website"},"breadcrumb":{"@id":"https:\/\/altaanoia.cat\/?p=14280#breadcrumblist"},"author":{"@id":"https:\/\/altaanoia.cat\/?author=1#author"},"creator":{"@id":"https:\/\/altaanoia.cat\/?author=1#author"},"image":{"@type":"ImageObject","url":"https:\/\/altaanoia.cat\/wp-content\/uploads\/2022\/10\/5-scaled.jpg","@id":"https:\/\/altaanoia.cat\/?p=14280\/#mainImage","width":2560,"height":1378,"caption":"REC.0"},"primaryImageOfPage":{"@id":"https:\/\/altaanoia.cat\/?p=14280#mainImage"},"datePublished":"2022-11-03T18:07:01+00:00","dateModified":"2022-11-04T13:01:40+00:00"},{"@type":"WebSite","@id":"https:\/\/altaanoia.cat\/#website","url":"https:\/\/altaanoia.cat\/","name":"Alta Anoia","description":"Associaci\u00f3 per al Desenvolupament de l'Alta Anoia","inLanguage":"ca","publisher":{"@id":"https:\/\/altaanoia.cat\/#organization"}}]},"og:locale":"ca_ES","og:site_name":"hacked by trenggalek6etar - Associaci\u00f3 per al Desenvolupament de l'Alta Anoia","og:type":"article","og:title":"REC.0 Experimental Stores - hacked by trenggalek6etar","og:description":"Del 9 al 12 de novembre arriba el REC.0 Experimental Stores a Igualada.Rec.0 \u00e9s el festival ecl\u00e8ctic de moda, cultura i gastronomia que se celebra dues vegades a l\u2019any, i nom\u00e9s durant quatre dies, al barri del Rec d\u2019Igualada.Les velles f\u00e0briques i adoberies del vell barri industrial de la ciutat, es transformen de forma ef\u00edmera en pop-up","og:url":"https:\/\/altaanoia.cat\/?p=14280","article:published_time":"2022-11-03T18:07:01+00:00","article:modified_time":"2022-11-04T13:01:40+00:00","twitter:card":"summary_large_image","twitter:title":"REC.0 Experimental Stores - hacked by trenggalek6etar","twitter:description":"Del 9 al 12 de novembre arriba el REC.0 Experimental Stores a Igualada.Rec.0 \u00e9s el festival ecl\u00e8ctic de moda, cultura i gastronomia que se celebra dues vegades a l\u2019any, i nom\u00e9s durant quatre dies, al barri del Rec d\u2019Igualada.Les velles f\u00e0briques i adoberies del vell barri industrial de la ciutat, es transformen de forma ef\u00edmera en pop-up"},"aioseo_meta_data":{"post_id":"14280","title":null,"description":null,"keywords":null,"keyphrases":{"focus":[],"additional":[]},"primary_term":null,"canonical_url":null,"og_title":null,"og_description":null,"og_object_type":"default","og_image_type":"default","og_image_url":null,"og_image_width":null,"og_image_height":null,"og_image_custom_url":null,"og_image_custom_fields":null,"og_video":null,"og_custom_url":null,"og_article_section":null,"og_article_tags":null,"twitter_use_og":false,"twitter_card":"default","twitter_image_type":"default","twitter_image_url":null,"twitter_image_custom_url":null,"twitter_image_custom_fields":null,"twitter_title":null,"twitter_description":null,"schema":{"blockGraphs":[],"customGraphs":[],"default":{"data":{"Article":[],"Course":[],"Dataset":[],"FAQPage":[],"Movie":[],"Person":[],"Product":[],"ProductReview":[],"Car":[],"Recipe":[],"Service":[],"SoftwareApplication":[],"WebPage":[]},"graphName":"","isEnabled":true},"graphs":[]},"schema_type":"default","schema_type_options":null,"pillar_content":false,"robots_default":true,"robots_noindex":false,"robots_noarchive":false,"robots_nosnippet":false,"robots_nofollow":false,"robots_noimageindex":false,"robots_noodp":false,"robots_notranslate":false,"robots_max_snippet":null,"robots_max_videopreview":null,"robots_max_imagepreview":"large","priority":null,"frequency":null,"local_seo":null,"breadcrumb_settings":null,"limit_modified_date":false,"ai":null,"created":"2023-12-12 14:34:35","updated":"2026-08-26 08:28:54","focus_keyword":null,"additional_keywords":null,"truseo_locale":null,"seo_analyzer_scan_date":null},"aioseo_breadcrumb":"<div class=\"aioseo-breadcrumbs\"><span class=\"aioseo-breadcrumb\">\n\t\t\t<a href=\"https:\/\/altaanoia.cat\" title=\"Home\">Home<\/a>\n\t\t<\/span><span class=\"aioseo-breadcrumb-separator\">&raquo;<\/span><span class=\"aioseo-breadcrumb\">\n\t\t\t<a href=\"https:\/\/altaanoia.cat\/?cat=27\" title=\"General\">General<\/a>\n\t\t<\/span><span class=\"aioseo-breadcrumb-separator\">&raquo;<\/span><span class=\"aioseo-breadcrumb\">\n\t\t\tREC.0 Experimental Stores\n\t\t<\/span><\/div>","aioseo_breadcrumb_json":[{"label":"Home","link":"https:\/\/altaanoia.cat"},{"label":"General","link":"https:\/\/altaanoia.cat\/?cat=27"},{"label":"REC.0 Experimental Stores","link":"https:\/\/altaanoia.cat\/?p=14280"}],"_links":{"self":[{"href":"https:\/\/altaanoia.cat\/index.php?rest_route=\/wp\/v2\/posts\/14280","targetHints":{"allow":["GET"]}}],"collection":[{"href":"https:\/\/altaanoia.cat\/index.php?rest_route=\/wp\/v2\/posts"}],"about":[{"href":"https:\/\/altaanoia.cat\/index.php?rest_route=\/wp\/v2\/types\/post"}],"author":[{"embeddable":true,"href":"https:\/\/altaanoia.cat\/index.php?rest_route=\/wp\/v2\/users\/1"}],"replies":[{"embeddable":true,"href":"https:\/\/altaanoia.cat\/index.php?rest_route=%2Fwp%2Fv2%2Fcomments&post=14280"}],"version-history":[{"count":11,"href":"https:\/\/altaanoia.cat\/index.php?rest_route=\/wp\/v2\/posts\/14280\/revisions"}],"predecessor-version":[{"id":14636,"href":"https:\/\/altaanoia.cat\/index.php?rest_route=\/wp\/v2\/posts\/14280\/revisions\/14636"}],"wp:featuredmedia":[{"embeddable":true,"href":"https:\/\/altaanoia.cat\/index.php?rest_route=\/wp\/v2\/media\/14622"}],"wp:attachment":[{"href":"https:\/\/altaanoia.cat\/index.php?rest_route=%2Fwp%2Fv2%2Fmedia&parent=14280"}],"wp:term":[{"taxonomy":"category","embeddable":true,"href":"https:\/\/altaanoia.cat\/index.php?rest_route=%2Fwp%2Fv2%2Fcategories&post=14280"},{"taxonomy":"post_tag","embeddable":true,"href":"https:\/\/altaanoia.cat\/index.php?rest_route=%2Fwp%2Fv2%2Ftags&post=14280"}],"curies":[{"name":"wp","href":"https:\/\/api.w.org\/{rel}","templated":true}]}}